{"id":352,"date":"2024-08-03T13:25:06","date_gmt":"2024-08-03T13:25:06","guid":{"rendered":"https:\/\/thevest.pl\/?p=352"},"modified":"2025-04-23T13:32:47","modified_gmt":"2025-04-23T13:32:47","slug":"piknik-zdrowia","status":"publish","type":"post","link":"https:\/\/thevest.pl\/index.php\/2024\/08\/03\/piknik-zdrowia\/","title":{"rendered":"Piknik Zdrowia"},"content":{"rendered":"\t\t<div data-elementor-type=\"wp-post\" data-elementor-id=\"352\" class=\"elementor elementor-352\">\n\t\t\t\t\t\t<section class=\"elementor-section elementor-top-section elementor-element elementor-element-218c1c0 elementor-section-boxed elementor-section-height-default elementor-section-height-default\" data-id=\"218c1c0\" data-element_type=\"section\">\n\t\t\t\t\t\t<div class=\"elementor-container elementor-column-gap-default\">\n\t\t\t\t\t<div class=\"elementor-column elementor-col-100 elementor-top-column elementor-element elementor-element-721283d\" data-id=\"721283d\" data-element_type=\"column\">\n\t\t\t<div class=\"elementor-widget-wrap elementor-element-populated\">\n\t\t\t\t\t\t<div class=\"elementor-element elementor-element-e0284f6 elementor-widget elementor-widget-text-editor\" data-id=\"e0284f6\" data-element_type=\"widget\" data-widget_type=\"text-editor.default\">\n\t\t\t\t<div class=\"elementor-widget-container\">\n\t\t\t\t\t\t\t\t\t<p class=\"\" style=\"text-align: justify;\" data-start=\"74\" data-end=\"621\"><strong data-start=\"74\" data-end=\"201\">30 lipca 2023 r. przy Szkole Podstawowej w Rokitnie odby\u0142 si\u0119 Piknik Zdrowotny, w ramach kt\u00f3rego zago\u015bcili\u015bmy r\u00f3wnie\u017c i my.<\/strong><\/p><p class=\"\" style=\"text-align: justify;\" data-start=\"74\" data-end=\"621\">Stowarzyszenie The Vest mia\u0142o swoje stoisko, na kt\u00f3rym zaprezentowali\u015bmy kilka egzemplarzy broni palnej z naszej kolekcji. Ka\u017cdy uczestnik m\u00f3g\u0142 podej\u015b\u0107, porozmawia\u0107 z cz\u0142onkami stowarzyszenia, zada\u0107 pytania dotycz\u0105ce legalnego posiadania broni, kolekcjonerstwa czy strzelectwa sportowego. Du\u017cym zainteresowaniem cieszy\u0142a si\u0119 mo\u017cliwo\u015b\u0107 bezpo\u015bredniego obejrzenia broni, wzi\u0119cia jej do r\u0119ki i poznania podstaw dzia\u0142ania.<\/p><p class=\"\" style=\"text-align: justify;\" data-start=\"623\" data-end=\"918\">Naszym celem by\u0142o przede wszystkim <strong data-start=\"658\" data-end=\"707\">edukowanie, oswajanie i budowanie \u015bwiadomo\u015bci<\/strong> w zakresie odpowiedzialnego obchodzenia si\u0119 z broni\u0105 \u2013 bez strachu, ale z pe\u0142nym szacunkiem. Dzi\u0119kujemy wszystkim, kt\u00f3rzy odwiedzili nasze stoisko i wspieraj\u0105 ide\u0119 legalnego, \u015bwiadomego dost\u0119pu do broni palnej.<\/p>\t\t\t\t\t\t\t\t<\/div>\n\t\t\t\t<\/div>\n\t\t\t\t\t<\/div>\n\t\t<\/div>\n\t\t\t\t\t<\/div>\n\t\t<\/section>\n\t\t\t\t<section class=\"elementor-section elementor-top-section elementor-element elementor-element-6078d71 elementor-section-boxed elementor-section-height-default elementor-section-height-default\" data-id=\"6078d71\" data-element_type=\"section\">\n\t\t\t\t\t\t<div class=\"elementor-container elementor-column-gap-default\">\n\t\t\t\t\t<div class=\"elementor-column elementor-col-100 elementor-top-column elementor-element elementor-element-1299e82\" data-id=\"1299e82\" data-element_type=\"column\">\n\t\t\t<div class=\"elementor-widget-wrap elementor-element-populated\">\n\t\t\t\t\t\t<div class=\"elementor-element elementor-element-f032bcc elementor-widget elementor-widget-image-gallery\" data-id=\"f032bcc\" data-element_type=\"widget\" data-widget_type=\"image-gallery.default\">\n\t\t\t\t<div class=\"elementor-widget-container\">\n\t\t\t\t\t\t\t<div class=\"elementor-image-gallery\">\n\t\t\t<div id='gallery-1' class='gallery galleryid-352 gallery-columns-3 gallery-size-full'><figure class='gallery-item'>\n\t\t\t<div class='gallery-icon portrait'>\n\t\t\t\t<a data-elementor-open-lightbox=\"yes\" data-elementor-lightbox-slideshow=\"f032bcc\" data-elementor-lightbox-title=\"piknik-zdrowia-01\" data-e-action-hash=\"#elementor-action%3Aaction%3Dlightbox%26settings%3DeyJpZCI6MzU3LCJ1cmwiOiJodHRwczpcL1wvdGhldmVzdC5wbFwvd3AtY29udGVudFwvdXBsb2Fkc1wvMjAyNVwvMDRcL3Bpa25pay16ZHJvd2lhLTAxLndlYnAiLCJzbGlkZXNob3ciOiJmMDMyYmNjIn0%3D\" href='https:\/\/thevest.pl\/wp-content\/uploads\/2025\/04\/piknik-zdrowia-01.webp'><img fetchpriority=\"high\" decoding=\"async\" width=\"800\" height=\"1000\" src=\"https:\/\/thevest.pl\/wp-content\/uploads\/2025\/04\/piknik-zdrowia-01.webp\" class=\"attachment-full size-full\" alt=\"\" srcset=\"https:\/\/thevest.pl\/wp-content\/uploads\/2025\/04\/piknik-zdrowia-01.webp 800w, https:\/\/thevest.pl\/wp-content\/uploads\/2025\/04\/piknik-zdrowia-01-240x300.webp 240w, https:\/\/thevest.pl\/wp-content\/uploads\/2025\/04\/piknik-zdrowia-01-768x960.webp 768w\" sizes=\"(max-width: 800px) 100vw, 800px\" \/><\/a>\n\t\t\t<\/div><\/figure><figure class='gallery-item'>\n\t\t\t<div class='gallery-icon portrait'>\n\t\t\t\t<a data-elementor-open-lightbox=\"yes\" data-elementor-lightbox-slideshow=\"f032bcc\" data-elementor-lightbox-title=\"piknik-zdrowia-02\" data-e-action-hash=\"#elementor-action%3Aaction%3Dlightbox%26settings%3DeyJpZCI6MzU4LCJ1cmwiOiJodHRwczpcL1wvdGhldmVzdC5wbFwvd3AtY29udGVudFwvdXBsb2Fkc1wvMjAyNVwvMDRcL3Bpa25pay16ZHJvd2lhLTAyLndlYnAiLCJzbGlkZXNob3ciOiJmMDMyYmNjIn0%3D\" href='https:\/\/thevest.pl\/wp-content\/uploads\/2025\/04\/piknik-zdrowia-02.webp'><img decoding=\"async\" width=\"800\" height=\"1000\" src=\"https:\/\/thevest.pl\/wp-content\/uploads\/2025\/04\/piknik-zdrowia-02.webp\" class=\"attachment-full size-full\" alt=\"\" srcset=\"https:\/\/thevest.pl\/wp-content\/uploads\/2025\/04\/piknik-zdrowia-02.webp 800w, https:\/\/thevest.pl\/wp-content\/uploads\/2025\/04\/piknik-zdrowia-02-240x300.webp 240w, https:\/\/thevest.pl\/wp-content\/uploads\/2025\/04\/piknik-zdrowia-02-768x960.webp 768w\" sizes=\"(max-width: 800px) 100vw, 800px\" \/><\/a>\n\t\t\t<\/div><\/figure><figure class='gallery-item'>\n\t\t\t<div class='gallery-icon portrait'>\n\t\t\t\t<a data-elementor-open-lightbox=\"yes\" data-elementor-lightbox-slideshow=\"f032bcc\" data-elementor-lightbox-title=\"piknik-zdrowia-03\" data-e-action-hash=\"#elementor-action%3Aaction%3Dlightbox%26settings%3DeyJpZCI6MzU5LCJ1cmwiOiJodHRwczpcL1wvdGhldmVzdC5wbFwvd3AtY29udGVudFwvdXBsb2Fkc1wvMjAyNVwvMDRcL3Bpa25pay16ZHJvd2lhLTAzLndlYnAiLCJzbGlkZXNob3ciOiJmMDMyYmNjIn0%3D\" href='https:\/\/thevest.pl\/wp-content\/uploads\/2025\/04\/piknik-zdrowia-03.webp'><img decoding=\"async\" width=\"800\" height=\"1000\" src=\"https:\/\/thevest.pl\/wp-content\/uploads\/2025\/04\/piknik-zdrowia-03.webp\" class=\"attachment-full size-full\" alt=\"\" srcset=\"https:\/\/thevest.pl\/wp-content\/uploads\/2025\/04\/piknik-zdrowia-03.webp 800w, https:\/\/thevest.pl\/wp-content\/uploads\/2025\/04\/piknik-zdrowia-03-240x300.webp 240w, https:\/\/thevest.pl\/wp-content\/uploads\/2025\/04\/piknik-zdrowia-03-768x960.webp 768w\" sizes=\"(max-width: 800px) 100vw, 800px\" \/><\/a>\n\t\t\t<\/div><\/figure><figure class='gallery-item'>\n\t\t\t<div class='gallery-icon portrait'>\n\t\t\t\t<a data-elementor-open-lightbox=\"yes\" data-elementor-lightbox-slideshow=\"f032bcc\" data-elementor-lightbox-title=\"piknik-zdrowia-04\" data-e-action-hash=\"#elementor-action%3Aaction%3Dlightbox%26settings%3DeyJpZCI6MzYwLCJ1cmwiOiJodHRwczpcL1wvdGhldmVzdC5wbFwvd3AtY29udGVudFwvdXBsb2Fkc1wvMjAyNVwvMDRcL3Bpa25pay16ZHJvd2lhLTA0LndlYnAiLCJzbGlkZXNob3ciOiJmMDMyYmNjIn0%3D\" href='https:\/\/thevest.pl\/wp-content\/uploads\/2025\/04\/piknik-zdrowia-04.webp'><img loading=\"lazy\" decoding=\"async\" width=\"651\" height=\"869\" src=\"https:\/\/thevest.pl\/wp-content\/uploads\/2025\/04\/piknik-zdrowia-04.webp\" class=\"attachment-full size-full\" alt=\"\" srcset=\"https:\/\/thevest.pl\/wp-content\/uploads\/2025\/04\/piknik-zdrowia-04.webp 651w, https:\/\/thevest.pl\/wp-content\/uploads\/2025\/04\/piknik-zdrowia-04-225x300.webp 225w\" sizes=\"(max-width: 651px) 100vw, 651px\" \/><\/a>\n\t\t\t<\/div><\/figure><figure class='gallery-item'>\n\t\t\t<div class='gallery-icon portrait'>\n\t\t\t\t<a data-elementor-open-lightbox=\"yes\" data-elementor-lightbox-slideshow=\"f032bcc\" data-elementor-lightbox-title=\"piknik-zdrowia-06\" data-e-action-hash=\"#elementor-action%3Aaction%3Dlightbox%26settings%3DeyJpZCI6MzYxLCJ1cmwiOiJodHRwczpcL1wvdGhldmVzdC5wbFwvd3AtY29udGVudFwvdXBsb2Fkc1wvMjAyNVwvMDRcL3Bpa25pay16ZHJvd2lhLTA2LndlYnAiLCJzbGlkZXNob3ciOiJmMDMyYmNjIn0%3D\" href='https:\/\/thevest.pl\/wp-content\/uploads\/2025\/04\/piknik-zdrowia-06.webp'><img loading=\"lazy\" decoding=\"async\" width=\"800\" height=\"1000\" src=\"https:\/\/thevest.pl\/wp-content\/uploads\/2025\/04\/piknik-zdrowia-06.webp\" class=\"attachment-full size-full\" alt=\"\" srcset=\"https:\/\/thevest.pl\/wp-content\/uploads\/2025\/04\/piknik-zdrowia-06.webp 800w, https:\/\/thevest.pl\/wp-content\/uploads\/2025\/04\/piknik-zdrowia-06-240x300.webp 240w, https:\/\/thevest.pl\/wp-content\/uploads\/2025\/04\/piknik-zdrowia-06-768x960.webp 768w\" sizes=\"(max-width: 800px) 100vw, 800px\" \/><\/a>\n\t\t\t<\/div><\/figure>\n\t\t<\/div>\n\t\t<\/div>\n\t\t\t\t\t\t<\/div>\n\t\t\t\t<\/div>\n\t\t\t\t\t<\/div>\n\t\t<\/div>\n\t\t\t\t\t<\/div>\n\t\t<\/section>\n\t\t\t\t<\/div>\n\t\t","protected":false},"excerpt":{"rendered":"<p>30 lipca 2023 r. przy Szkole Podstawowej w Rokitnie odby\u0142 si\u0119 Piknik Zdrowotny, w ramach kt\u00f3rego zago\u015bcili\u015bmy r\u00f3wnie\u017c i my. Stowarzyszenie The [&hellip;]<\/p>\n","protected":false},"author":1,"featured_media":0,"comment_status":"open","ping_status":"open","sticky":false,"template":"","format":"standard","meta":{"_eb_attr":"","footnotes":""},"categories":[1],"tags":[],"class_list":["post-352","post","type-post","status-publish","format-standard","hentry","category-uncategorized"],"_links":{"self":[{"href":"https:\/\/thevest.pl\/index.php\/wp-json\/wp\/v2\/posts\/352","targetHints":{"allow":["GET"]}}],"collection":[{"href":"https:\/\/thevest.pl\/index.php\/wp-json\/wp\/v2\/posts"}],"about":[{"href":"https:\/\/thevest.pl\/index.php\/wp-json\/wp\/v2\/types\/post"}],"author":[{"embeddable":true,"href":"https:\/\/thevest.pl\/index.php\/wp-json\/wp\/v2\/users\/1"}],"replies":[{"embeddable":true,"href":"https:\/\/thevest.pl\/index.php\/wp-json\/wp\/v2\/comments?post=352"}],"version-history":[{"count":4,"href":"https:\/\/thevest.pl\/index.php\/wp-json\/wp\/v2\/posts\/352\/revisions"}],"predecessor-version":[{"id":364,"href":"https:\/\/thevest.pl\/index.php\/wp-json\/wp\/v2\/posts\/352\/revisions\/364"}],"wp:attachment":[{"href":"https:\/\/thevest.pl\/index.php\/wp-json\/wp\/v2\/media?parent=352"}],"wp:term":[{"taxonomy":"category","embeddable":true,"href":"https:\/\/thevest.pl\/index.php\/wp-json\/wp\/v2\/categories?post=352"},{"taxonomy":"post_tag","embeddable":true,"href":"https:\/\/thevest.pl\/index.php\/wp-json\/wp\/v2\/tags?post=352"}],"curies":[{"name":"wp","href":"https:\/\/api.w.org\/{rel}","templated":true}]}}